{"id":120,"date":"2016-11-05T12:45:22","date_gmt":"2016-11-05T12:45:22","guid":{"rendered":"http:\/\/teszt.dnyem.hu\/?p=120"},"modified":"2016-11-05T12:45:22","modified_gmt":"2016-11-05T12:45:22","slug":"a-kamillianus-csalad","status":"publish","type":"post","link":"https:\/\/szentcsalad.dnyem.hu\/index.php\/2016\/11\/05\/a-kamillianus-csalad\/","title":{"rendered":"A kamilli\u00e1nus csal\u00e1d"},"content":{"rendered":"<p style=\"text-align: justify;\">Szent Kamill (1550-1615), hogy a betegeknek \u00e1lland\u00f3 seg\u00edts\u00e9get ny\u00fajtson, beteg\u00e1pol\u00f3 f\u00e9rfi rendet alap\u00edtott R\u00f3m\u00e1ban, \u00e9s a v\u00e1ros k\u00f6rny\u00e9k\u00e9n is szervezett seg\u00edt\u0151 csoportokat. Napjainkban szerte a vil\u00e1gon \u00fajra \u00e9led a szenved\u0151k szolg\u00e1lat\u00e1nak ez a hat\u00e9kony m\u00f3dja, a kamilli\u00e1nus csal\u00e1d. Egy-egy csal\u00e1dhoz kb. 20 f\u0151 tartozik: seg\u00edt\u0151k \u00e9s seg\u00edts\u00e9gre szorul\u00f3k egyar\u00e1nt.<br \/>\nJ\u00f3l eml\u00e9ksz\u00fcnk m\u00e9g r\u00e1, amikor 3 \u00e9ve Anton Gots atya a mi kamilli\u00e1nus csal\u00e1dunk tagjait avatta. A debreceni k\u00f6z\u00f6ss\u00e9g 19 f\u0151b\u0151l \u00e1ll, csal\u00e1df\u0151je B\u00f3dor Elvira doktorn\u0151, az asszisztensek: Ber\u00e9nyi D\u00e9nes \u00e9s dr. Megyerin\u00e9 Berki Ilona. Egyel\u0151re a mi templomunkon k\u00edv\u00fcl a Szent Ann\u00e1b\u00f3l vannak tagok, Megyerin\u00e9 szervezi a Megtestes\u00fcl\u00e9s templomban az els\u0151 ifj\u00fas\u00e1gi csal\u00e1dot. (Kevesen tudj\u00e1k, hogy ifj\u00fas\u00e1gi hittanosaink egyike, Zsuzsa kamilli\u00e1nus nov\u00edcia, most \u00e9ppen R\u00f3m\u00e1ban van.)<br \/>\nA lelkip\u00e1sztori szolg\u00e1lat &#8222;seg\u00e9dcsapata&#8221; havi rendszeress\u00e9ggel tal\u00e1lkozik: egy\u00fctt im\u00e1dkoznak, elm\u00e9lkednek, besz\u00e1molnak tapasztalataikr\u00f3l, megbesz\u00e9lik a teend\u0151ket. Lehet\u0151s\u00e9g\u00fck szerint bekapcsol\u00f3dnak az orsz\u00e1gos egyes\u00fclet munk\u00e1j\u00e1ba, mely erre az \u00e9vre 27 programot \u00e9s rendezv\u00e9nyt szervez.<br \/>\nIlyenkor, a betegek vil\u00e1gnapja t\u00e1j\u00e9k\u00e1n a mi id\u0151seink \u00e9s betegeink k\u00fcl\u00f6n\u00f6sen megtapasztalhatj\u00e1k a kamilli\u00e1nus csal\u00e1d seg\u00edt\u0151 jelenl\u00e9t\u00e9t: buzd\u00edtj\u00e1k \u0151ket a betegek szents\u00e9g\u00e9nek felv\u00e9tel\u00e9re, megh\u00edvj\u00e1k, elk\u00eds\u00e9rik, &#8211; s ha erre van sz\u00fcks\u00e9g &#8211; elhozz\u00e1k \u0151ket templomunkba. Egyik legszomor\u00fabb tapasztalatunk, hogy halottaink k\u00f6z\u00fcl oly kevesen kapj\u00e1k meg a v\u00e9gs\u0151 \u00fatraval\u00f3t. Milyen j\u00f3, hogy id\u0151seink, betegeink egyre kev\u00e9sb\u00e9 idegenkednek ett\u0151l a szents\u00e9gt\u0151l: \u00e9rtik, \u00e9rzik a bel\u0151le fakad\u00f3 lelki meger\u0151s\u00edt\u00e9st. Nagydolog k\u00e9szenl\u00e9tben v\u00e1rakozni, hogy az agg Simeonnal egy\u00fctt elmondhassuk (ak\u00e1r minden este, a napot lez\u00e1r\u00f3 komplet\u00f3riumot im\u00e1dkozva): &#8222;Bocs\u00e1sd el most, Uram, szolg\u00e1dat, szavaid szerint b\u00e9kess\u00e9gben, hiszen m\u00e1r megl\u00e1tt\u00e1k szemeim, akit k\u00fcldt\u00e9l, az \u00dcdv\u00f6z\u00edt\u0151t.&#8221; Hiszen minden elalv\u00e1s egy &#8222;kis hal\u00e1l&#8221; is, el\u0151k\u00e9sz\u00fclet arra a v\u00e9gs\u0151 nyugalomra.<\/p>\n","protected":false},"excerpt":{"rendered":"<p>Szent Kamill (1550-1615), hogy a betegeknek \u00e1lland\u00f3 seg\u00edts\u00e9get ny\u00fajtson, beteg\u00e1pol\u00f3 f\u00e9rfi rendet alap\u00edtott R\u00f3m\u00e1ban, \u00e9s a v\u00e1ros k\u00f6rny\u00e9k\u00e9n is szervezett seg\u00edt\u0151 csoportokat. Napjainkban szerte a vil\u00e1gon \u00fajra \u00e9led a szenved\u0151k&#8230; <a href=\"https:\/\/szentcsalad.dnyem.hu\/index.php\/2016\/11\/05\/a-kamillianus-csalad\/\">Tov\u00e1bb &raquo;<\/a><\/p>\n","protected":false},"author":1,"featured_media":0,"comment_status":"closed","ping_status":"open","sticky":false,"template":"","format":"standard","meta":{"ngg_post_thumbnail":0,"_jetpack_memberships_contains_paid_content":false,"footnotes":"","jetpack_publicize_message":"","jetpack_publicize_feature_enabled":true,"jetpack_social_post_already_shared":false,"jetpack_social_options":{"image_generator_settings":{"template":"highway","default_image_id":0,"font":"","enabled":false},"version":2}},"categories":[7],"tags":[],"class_list":["post-120","post","type-post","status-publish","format-standard","hentry","category-csoportok"],"jetpack_publicize_connections":[],"jetpack_featured_media_url":"","jetpack_shortlink":"https:\/\/wp.me\/p9drAw-1W","jetpack_sharing_enabled":true,"_links":{"self":[{"href":"https:\/\/szentcsalad.dnyem.hu\/index.php\/wp-json\/wp\/v2\/posts\/120","targetHints":{"allow":["GET"]}}],"collection":[{"href":"https:\/\/szentcsalad.dnyem.hu\/index.php\/wp-json\/wp\/v2\/posts"}],"about":[{"href":"https:\/\/szentcsalad.dnyem.hu\/index.php\/wp-json\/wp\/v2\/types\/post"}],"author":[{"embeddable":true,"href":"https:\/\/szentcsalad.dnyem.hu\/index.php\/wp-json\/wp\/v2\/users\/1"}],"replies":[{"embeddable":true,"href":"https:\/\/szentcsalad.dnyem.hu\/index.php\/wp-json\/wp\/v2\/comments?post=120"}],"version-history":[{"count":1,"href":"https:\/\/szentcsalad.dnyem.hu\/index.php\/wp-json\/wp\/v2\/posts\/120\/revisions"}],"predecessor-version":[{"id":121,"href":"https:\/\/szentcsalad.dnyem.hu\/index.php\/wp-json\/wp\/v2\/posts\/120\/revisions\/121"}],"wp:attachment":[{"href":"https:\/\/szentcsalad.dnyem.hu\/index.php\/wp-json\/wp\/v2\/media?parent=120"}],"wp:term":[{"taxonomy":"category","embeddable":true,"href":"https:\/\/szentcsalad.dnyem.hu\/index.php\/wp-json\/wp\/v2\/categories?post=120"},{"taxonomy":"post_tag","embeddable":true,"href":"https:\/\/szentcsalad.dnyem.hu\/index.php\/wp-json\/wp\/v2\/tags?post=120"}],"curies":[{"name":"wp","href":"https:\/\/api.w.org\/{rel}","templated":true}]}}